{"id":61997,"date":"2026-09-02T12:29:44","date_gmt":"2026-09-02T10:29:44","guid":{"rendered":"https:\/\/www.bbk.eus\/?p=61997"},"modified":"2026-09-02T12:45:34","modified_gmt":"2026-09-02T10:45:34","slug":"abrimos-el-plazo-de-inscripcin-para-la-nueva-programacin-de-sasoiko-del-curso-2026-2027","status":"publish","type":"post","link":"https:\/\/www.bbk.eus\/es\/abrimos-el-plazo-de-inscripcin-para-la-nueva-programacin-de-sasoiko-del-curso-2026-2027\/","title":{"rendered":"Abrimos el plazo de inscripci\u00f3n para la nueva programaci\u00f3n de Sasoiko del curso 2026-2027"},"content":{"rendered":"<div class=\"fusion-fullwidth fullwidth-box fusion-builder-row-1 fusion-flex-container has-pattern-background has-mask-background nonhundred-percent-fullwidth non-hundred-percent-height-scrolling\" style=\"--awb-border-radius-top-left:0px;--awb-border-radius-top-right:0px;--awb-border-radius-bottom-right:0px;--awb-border-radius-bottom-left:0px;--awb-flex-wrap:wrap;\" ><div class=\"fusion-builder-row fusion-row fusion-flex-align-items-flex-start fusion-flex-content-wrap\" style=\"max-width:1248px;margin-left: calc(-4% \/ 2 );margin-right: calc(-4% \/ 2 );\"><div class=\"fusion-layout-column fusion_builder_column fusion-builder-column-0 fusion_builder_column_1_1 1_1 fusion-flex-column\" style=\"--awb-bg-size:cover;--awb-width-large:100%;--awb-margin-top-large:0px;--awb-spacing-right-large:1.92%;--awb-margin-bottom-large:20px;--awb-spacing-left-large:1.92%;--awb-width-medium:100%;--awb-order-medium:0;--awb-spacing-right-medium:1.92%;--awb-spacing-left-medium:1.92%;--awb-width-small:100%;--awb-order-small:0;--awb-spacing-right-small:1.92%;--awb-spacing-left-small:1.92%;\"><div class=\"fusion-column-wrapper fusion-column-has-shadow fusion-flex-justify-content-flex-start fusion-content-layout-column\"><div class=\"fusion-text fusion-text-1\"><p>Hoy abrimos el plazo de inscripci\u00f3n para la programaci\u00f3n del curso 2026-2027 en Sasoiko. Una nueva propuesta con la que retomamos la actividad tras el descanso del verano y con la que reafirmamos nuestro compromiso con un modelo de envejecimiento activo, participativo y de impacto social en Bizkaia.<\/p>\n<p>Dirigido a personas que han finalizado su etapa laboral y eligen seguir activas, este programa busca ofrecer un espacio abierto donde continuar aprendiendo, relacion\u00e1ndose y generando iniciativas con impacto positivo en nuestro entorno.<\/p>\n<p>La nueva oferta combina formatos de diferente duraci\u00f3n para adaptarse a los distintos intereses y disponibilidad de las personas participantes. A trav\u00e9s de todos ellos volvemos a poner en valor que el talento y la experiencia no se jubilan, sino que se transforman para seguir aportando a nuestro entorno.<\/p>\n<p><strong>\u00a0<\/strong><\/p>\n<h3><strong>Sesiones breves y talleres pr\u00e1cticos: cultura, salud y capacitaci\u00f3n digital<\/strong><\/h3>\n<p>Nuestra programaci\u00f3n, que se desarrollar\u00e1 entre septiembre y junio en nuestro centro de la calle Ronda de Bilbao, incluye charlas y sesiones breves de corta duraci\u00f3n pensadas para informarse y participar sin compromiso. En este bloque abordamos temas de actualidad, divulgaci\u00f3n cultural con Hartu Emanak, conocimiento pr\u00e1ctico de la mano de UNED Senior o el ciclo de introducci\u00f3n y asistencia a ensayos de \u00f3pera con ABAO.<\/p>\n<p>Asimismo, a trav\u00e9s de los talleres pr\u00e1cticos en formato p\u00edldora, ofrecemos sesiones enfocadas al uso cotidiano de la tecnolog\u00eda (manejo del m\u00f3vil, WhatsApp, banca online o la carpeta de salud), la prevenci\u00f3n y el conocimiento del c\u00e1ncer, o pautas frente a la desinformaci\u00f3n para aprender a detectar noticias falsas, entre otras tem\u00e1ticas.<\/p>\n<p><strong>Programas en grupo y proyectos de continuidad<\/strong><\/p>\n<p>Para quienes buscan un recorrido formativo m\u00e1s profundo y con continuidad, ofrecemos programas de varias sesiones como <em>Prepararse para la jubilaci\u00f3n<\/em> (centrado en la gesti\u00f3n emocional y nuevos proyectos de vida), <em>Ser abuelo\/a hoy<\/em>, talleres de <em>Tecnolog\u00eda aplicada<\/em>, cursos de <em>Ahorro y planificaci\u00f3n<\/em> financiera junto a Kutxabank o <em>Moda y sostenibilidad<\/em> en colaboraci\u00f3n con Gaztegune del Ayuntamiento de Bilbao.<\/p>\n<p>En este apartado destaca la iniciativa <em>All Iron \u2013 Di\u00e1logos de Barrio<\/em>, un espacio concebido para compartir historias de vida sobre migraci\u00f3n, trabajo y deporte junto a personas de distintas generaciones y or\u00edgenes, que culminar\u00e1 con una creaci\u00f3n colectiva que refleje la diversidad de Bizkaia.<\/p>\n<h3><strong>Actividades gratuitas impulsadas por la comunidad<\/strong><\/h3>\n<p>La participaci\u00f3n activa es el coraz\u00f3n de Sasoiko. Por ello, mantenemos un bloque de propuestas gratuitas impulsadas e impartidas por las propias personas participantes, que abarca disciplinas como la creaci\u00f3n cinematogr\u00e1fica (con la realizaci\u00f3n de un cortometraje), improvisaci\u00f3n teatral, escritura creativa, poes\u00eda, autoconocimiento, bienestar y relajaci\u00f3n, movimiento y danza o voluntariado educativo.<\/p>\n<h3><strong>Informaci\u00f3n e inscripciones<\/strong><\/h3>\n<p>El plazo de inscripci\u00f3n permanecer\u00e1 abierto hasta el <strong>21 de septiembre<\/strong>. Las personas interesadas pueden consultar la informaci\u00f3n detallada de cada actividad y formalizar su matr\u00edcula a trav\u00e9s de los siguientes canales:<\/p>\n<ul>\n<li><strong>P\u00e1gina web:<\/strong> <a href=\"https:\/\/www.bbk.eus\/es\/personas-sociedad\/sasoiko\/\">https:\/\/www.bbk.eus\/es\/personas-sociedad\/sasoiko\/<\/a><\/li>\n<li><strong>Presencialmente:<\/strong> Centro Sasoiko (Calle Ronda s\/n, Bilbao)<\/li>\n<li><strong>Tel\u00e9fono de atenci\u00f3n:<\/strong> 944 16 46 46<\/li>\n<\/ul>\n<p>Con el inicio de este nuevo curso, renovamos nuestra apuesta por un espacio vivo, cercano y compartido, convencidos de que seguir aprendiendo, participando y creando comunidad es la mejor manera de enriquecer nuestras vidas y construir una sociedad m\u00e1s cohesionada.<\/p>\n<\/div><div class=\"fusion-image-carousel fusion-image-carousel-auto fusion-image-carousel-1\"><div class=\"awb-carousel awb-swiper awb-swiper-carousel awb-carousel--carousel awb-swiper-dots-position-bottom\" data-layout=\"carousel\" data-autoplay=\"no\" data-autoplayspeed=\"2500\" data-autoplaypause=\"no\" data-loop=\"yes\" data-columns=\"5\" data-columnsmedium=\"1\" data-columnssmall=\"1\" data-itemmargin=\"13\" data-itemwidth=\"180\" data-touchscroll=\"no\" data-freemode=\"no\" data-imagesize=\"auto\" data-scrollitems=\"0\" data-scrollitems-medium=\"0\" data-scrollitems-small=\"0\" data-centeredslides=\"no\" data-rotationangle=\"50\" data-depth=\"100\" data-speed=\"500\" data-shadow=\"no\" data-pagination=\"bullets\" style=\"--awb-dots-align:center;\"><div class=\"swiper-wrapper awb-image-carousel-wrapper fusion-flex-align-items-center\"><div class=\"swiper-slide\"><div class=\"fusion-carousel-item-wrapper\"><div class=\"fusion-image-wrapper hover-type-none\"><img decoding=\"async\" width=\"1414\" height=\"2000\" src=\"https:\/\/www.bbk.eus\/wp-content\/uploads\/2026\/09\/INTERGENERATIONALITY-AND-NEW-LONGEVITY-AT-BBK-The-BBK-Foundation-works-for-the-well-being-of-older-adults-supporting-a-vision-of-aging-that-focuses-on-improving-peoples-active-longevity-ensurin-1-1.png\" class=\"attachment-full size-full\" alt=\"INTERGENERATIONALITY AND NEW LONGEVITY AT BBK The BBK Foundation works for the well-being of older adults, supporting a vision of aging that focuses on improving people&#039;s active longevity, ensurin (1)\" srcset=\"https:\/\/www.bbk.eus\/wp-content\/uploads\/2026\/09\/INTERGENERATIONALITY-AND-NEW-LONGEVITY-AT-BBK-The-BBK-Foundation-works-for-the-well-being-of-older-adults-supporting-a-vision-of-aging-that-focuses-on-improving-peoples-active-longevity-ensurin-1-1-200x283.png 200w, https:\/\/www.bbk.eus\/wp-content\/uploads\/2026\/09\/INTERGENERATIONALITY-AND-NEW-LONGEVITY-AT-BBK-The-BBK-Foundation-works-for-the-well-being-of-older-adults-supporting-a-vision-of-aging-that-focuses-on-improving-peoples-active-longevity-ensurin-1-1-212x300.png 212w, https:\/\/www.bbk.eus\/wp-content\/uploads\/2026\/09\/INTERGENERATIONALITY-AND-NEW-LONGEVITY-AT-BBK-The-BBK-Foundation-works-for-the-well-being-of-older-adults-supporting-a-vision-of-aging-that-focuses-on-improving-peoples-active-longevity-ensurin-1-1-400x566.png 400w, https:\/\/www.bbk.eus\/wp-content\/uploads\/2026\/09\/INTERGENERATIONALITY-AND-NEW-LONGEVITY-AT-BBK-The-BBK-Foundation-works-for-the-well-being-of-older-adults-supporting-a-vision-of-aging-that-focuses-on-improving-peoples-active-longevity-ensurin-1-1-600x849.png 600w, https:\/\/www.bbk.eus\/wp-content\/uploads\/2026\/09\/INTERGENERATIONALITY-AND-NEW-LONGEVITY-AT-BBK-The-BBK-Foundation-works-for-the-well-being-of-older-adults-supporting-a-vision-of-aging-that-focuses-on-improving-peoples-active-longevity-ensurin-1-1-724x1024.png 724w, https:\/\/www.bbk.eus\/wp-content\/uploads\/2026\/09\/INTERGENERATIONALITY-AND-NEW-LONGEVITY-AT-BBK-The-BBK-Foundation-works-for-the-well-being-of-older-adults-supporting-a-vision-of-aging-that-focuses-on-improving-peoples-active-longevity-ensurin-1-1-768x1086.png 768w, https:\/\/www.bbk.eus\/wp-content\/uploads\/2026\/09\/INTERGENERATIONALITY-AND-NEW-LONGEVITY-AT-BBK-The-BBK-Foundation-works-for-the-well-being-of-older-adults-supporting-a-vision-of-aging-that-focuses-on-improving-peoples-active-longevity-ensurin-1-1-800x1132.png 800w, https:\/\/www.bbk.eus\/wp-content\/uploads\/2026\/09\/INTERGENERATIONALITY-AND-NEW-LONGEVITY-AT-BBK-The-BBK-Foundation-works-for-the-well-being-of-older-adults-supporting-a-vision-of-aging-that-focuses-on-improving-peoples-active-longevity-ensurin-1-1-1086x1536.png 1086w, https:\/\/www.bbk.eus\/wp-content\/uploads\/2026\/09\/INTERGENERATIONALITY-AND-NEW-LONGEVITY-AT-BBK-The-BBK-Foundation-works-for-the-well-being-of-older-adults-supporting-a-vision-of-aging-that-focuses-on-improving-peoples-active-longevity-ensurin-1-1-1200x1697.png 1200w, https:\/\/www.bbk.eus\/wp-content\/uploads\/2026\/09\/INTERGENERATIONALITY-AND-NEW-LONGEVITY-AT-BBK-The-BBK-Foundation-works-for-the-well-being-of-older-adults-supporting-a-vision-of-aging-that-focuses-on-improving-peoples-active-longevity-ensurin-1-1.png 1414w\" sizes=\"(max-width: 1414px) 100vw, 1414px\" \/><\/div><\/div><\/div><\/div><div class=\"awb-swiper-button awb-swiper-button-prev\"><i class=\"awb-icon-angle-left\" aria-hidden=\"true\"><\/i><\/div><div class=\"awb-swiper-button awb-swiper-button-next\"><i class=\"awb-icon-angle-right\" aria-hidden=\"true\"><\/i><\/div><\/div><\/div><\/div><\/div><\/div><\/div>\n","protected":false},"excerpt":{"rendered":"","protected":false},"author":36,"featured_media":62002,"comment_status":"closed","ping_status":"closed","sticky":false,"template":"","format":"standard","meta":{"_acf_changed":false,"inline_featured_image":false,"footnotes":""},"categories":[567],"tags":[],"class_list":["post-61997","post","type-post","status-publish","format-standard","has-post-thumbnail","hentry","category-personas"],"acf":[],"yoast_head":"<!-- This site is optimized with the Yoast SEO plugin v27.6 - https:\/\/yoast.com\/product\/yoast-seo-wordpress\/ -->\n<title>Abrimos el plazo de inscripci\u00f3n para la nueva programaci\u00f3n de Sasoiko del curso 2026-2027 - Actualidad - BBK<\/title>\n<meta name=\"robots\" content=\"index, follow, max-snippet:-1, max-image-preview:large, max-video-preview:-1\" \/>\n<link rel=\"canonical\" href=\"https:\/\/www.bbk.eus\/es\/abrimos-el-plazo-de-inscripcin-para-la-nueva-programacin-de-sasoiko-del-curso-2026-2027\/\" \/>\n<meta property=\"og:locale\" content=\"es_ES\" \/>\n<meta property=\"og:type\" content=\"article\" \/>\n<meta property=\"og:title\" content=\"Abrimos el plazo de inscripci\u00f3n para la nueva programaci\u00f3n de Sasoiko del curso 2026-2027 - Actualidad - BBK\" \/>\n<meta property=\"og:url\" content=\"https:\/\/www.bbk.eus\/es\/abrimos-el-plazo-de-inscripcin-para-la-nueva-programacin-de-sasoiko-del-curso-2026-2027\/\" \/>\n<meta property=\"og:site_name\" content=\"BBK\" \/>\n<meta property=\"article:publisher\" content=\"https:\/\/www.facebook.com\/BBKeus?fref=ts\" \/>\n<meta property=\"article:published_time\" content=\"2026-09-02T10:29:44+00:00\" \/>\n<meta property=\"article:modified_time\" content=\"2026-09-02T10:45:34+00:00\" \/>\n<meta property=\"og:image\" content=\"https:\/\/www.bbk.eus\/wp-content\/uploads\/2026\/09\/INTERGENERATIONALITY-AND-NEW-LONGEVITY-AT-BBK-The-BBK-Foundation-works-for-the-well-being-of-older-adults-supporting-a-vision-of-aging-that-focuses-on-improving-peoples-active-longevity-ensurin-copia.png\" \/>\n\t<meta property=\"og:image:width\" content=\"665\" \/>\n\t<meta property=\"og:image:height\" content=\"551\" \/>\n\t<meta property=\"og:image:type\" content=\"image\/png\" \/>\n<meta name=\"author\" content=\"Covadonga Guerricagoitia\" \/>\n<meta name=\"twitter:card\" content=\"summary_large_image\" \/>\n<meta name=\"twitter:creator\" content=\"@BBK_eus\" \/>\n<meta name=\"twitter:site\" content=\"@BBK_eus\" \/>\n<meta name=\"twitter:label1\" content=\"Escrito por\" \/>\n\t<meta name=\"twitter:data1\" content=\"Covadonga Guerricagoitia\" \/>\n\t<meta name=\"twitter:label2\" content=\"Tiempo de lectura\" \/>\n\t<meta name=\"twitter:data2\" content=\"3 minutos\" \/>\n<script type=\"application\/ld+json\" class=\"yoast-schema-graph\">{\"@context\":\"https:\\\/\\\/schema.org\",\"@graph\":[{\"@type\":\"Article\",\"@id\":\"https:\\\/\\\/www.bbk.eus\\\/es\\\/abrimos-el-plazo-de-inscripcin-para-la-nueva-programacin-de-sasoiko-del-curso-2026-2027\\\/#article\",\"isPartOf\":{\"@id\":\"https:\\\/\\\/www.bbk.eus\\\/es\\\/abrimos-el-plazo-de-inscripcin-para-la-nueva-programacin-de-sasoiko-del-curso-2026-2027\\\/\"},\"author\":{\"name\":\"Covadonga Guerricagoitia\",\"@id\":\"https:\\\/\\\/www.bbk.eus\\\/#\\\/schema\\\/person\\\/e889bdbee1c8353c7f7a51eb9e41333c\"},\"headline\":\"Abrimos el plazo de inscripci\u00f3n para la nueva programaci\u00f3n de Sasoiko del curso 2026-2027\",\"datePublished\":\"2026-09-02T10:29:44+00:00\",\"dateModified\":\"2026-09-02T10:45:34+00:00\",\"mainEntityOfPage\":{\"@id\":\"https:\\\/\\\/www.bbk.eus\\\/es\\\/abrimos-el-plazo-de-inscripcin-para-la-nueva-programacin-de-sasoiko-del-curso-2026-2027\\\/\"},\"wordCount\":2106,\"publisher\":{\"@id\":\"https:\\\/\\\/www.bbk.eus\\\/#organization\"},\"image\":{\"@id\":\"https:\\\/\\\/www.bbk.eus\\\/es\\\/abrimos-el-plazo-de-inscripcin-para-la-nueva-programacin-de-sasoiko-del-curso-2026-2027\\\/#primaryimage\"},\"thumbnailUrl\":\"https:\\\/\\\/www.bbk.eus\\\/wp-content\\\/uploads\\\/2026\\\/09\\\/INTERGENERATIONALITY-AND-NEW-LONGEVITY-AT-BBK-The-BBK-Foundation-works-for-the-well-being-of-older-adults-supporting-a-vision-of-aging-that-focuses-on-improving-peoples-active-longevity-ensurin-copia.png\",\"articleSection\":[\"Personas\"],\"inLanguage\":\"es\"},{\"@type\":\"WebPage\",\"@id\":\"https:\\\/\\\/www.bbk.eus\\\/es\\\/abrimos-el-plazo-de-inscripcin-para-la-nueva-programacin-de-sasoiko-del-curso-2026-2027\\\/\",\"url\":\"https:\\\/\\\/www.bbk.eus\\\/es\\\/abrimos-el-plazo-de-inscripcin-para-la-nueva-programacin-de-sasoiko-del-curso-2026-2027\\\/\",\"name\":\"Abrimos el plazo de inscripci\u00f3n para la nueva programaci\u00f3n de Sasoiko del curso 2026-2027 - Actualidad - BBK\",\"isPartOf\":{\"@id\":\"https:\\\/\\\/www.bbk.eus\\\/#website\"},\"primaryImageOfPage\":{\"@id\":\"https:\\\/\\\/www.bbk.eus\\\/es\\\/abrimos-el-plazo-de-inscripcin-para-la-nueva-programacin-de-sasoiko-del-curso-2026-2027\\\/#primaryimage\"},\"image\":{\"@id\":\"https:\\\/\\\/www.bbk.eus\\\/es\\\/abrimos-el-plazo-de-inscripcin-para-la-nueva-programacin-de-sasoiko-del-curso-2026-2027\\\/#primaryimage\"},\"thumbnailUrl\":\"https:\\\/\\\/www.bbk.eus\\\/wp-content\\\/uploads\\\/2026\\\/09\\\/INTERGENERATIONALITY-AND-NEW-LONGEVITY-AT-BBK-The-BBK-Foundation-works-for-the-well-being-of-older-adults-supporting-a-vision-of-aging-that-focuses-on-improving-peoples-active-longevity-ensurin-copia.png\",\"datePublished\":\"2026-09-02T10:29:44+00:00\",\"dateModified\":\"2026-09-02T10:45:34+00:00\",\"breadcrumb\":{\"@id\":\"https:\\\/\\\/www.bbk.eus\\\/es\\\/abrimos-el-plazo-de-inscripcin-para-la-nueva-programacin-de-sasoiko-del-curso-2026-2027\\\/#breadcrumb\"},\"inLanguage\":\"es\",\"potentialAction\":[{\"@type\":\"ReadAction\",\"target\":[\"https:\\\/\\\/www.bbk.eus\\\/es\\\/abrimos-el-plazo-de-inscripcin-para-la-nueva-programacin-de-sasoiko-del-curso-2026-2027\\\/\"]}]},{\"@type\":\"ImageObject\",\"inLanguage\":\"es\",\"@id\":\"https:\\\/\\\/www.bbk.eus\\\/es\\\/abrimos-el-plazo-de-inscripcin-para-la-nueva-programacin-de-sasoiko-del-curso-2026-2027\\\/#primaryimage\",\"url\":\"https:\\\/\\\/www.bbk.eus\\\/wp-content\\\/uploads\\\/2026\\\/09\\\/INTERGENERATIONALITY-AND-NEW-LONGEVITY-AT-BBK-The-BBK-Foundation-works-for-the-well-being-of-older-adults-supporting-a-vision-of-aging-that-focuses-on-improving-peoples-active-longevity-ensurin-copia.png\",\"contentUrl\":\"https:\\\/\\\/www.bbk.eus\\\/wp-content\\\/uploads\\\/2026\\\/09\\\/INTERGENERATIONALITY-AND-NEW-LONGEVITY-AT-BBK-The-BBK-Foundation-works-for-the-well-being-of-older-adults-supporting-a-vision-of-aging-that-focuses-on-improving-peoples-active-longevity-ensurin-copia.png\",\"width\":665,\"height\":551,\"caption\":\"INTERGENERATIONALITY\"},{\"@type\":\"BreadcrumbList\",\"@id\":\"https:\\\/\\\/www.bbk.eus\\\/es\\\/abrimos-el-plazo-de-inscripcin-para-la-nueva-programacin-de-sasoiko-del-curso-2026-2027\\\/#breadcrumb\",\"itemListElement\":[{\"@type\":\"ListItem\",\"position\":1,\"name\":\"Home\",\"item\":\"https:\\\/\\\/www.bbk.eus\\\/es\\\/\"},{\"@type\":\"ListItem\",\"position\":2,\"name\":\"Abrimos el plazo de inscripci\u00f3n para la nueva programaci\u00f3n de Sasoiko del curso 2026-2027\"}]},{\"@type\":\"WebSite\",\"@id\":\"https:\\\/\\\/www.bbk.eus\\\/#website\",\"url\":\"https:\\\/\\\/www.bbk.eus\\\/\",\"name\":\"BBK\",\"description\":\"Actividades, proyectos sociales, \u00c1reas de actuaci\u00f3n, ideas para el futuro y presente de Bizkaia.\",\"publisher\":{\"@id\":\"https:\\\/\\\/www.bbk.eus\\\/#organization\"},\"potentialAction\":[{\"@type\":\"SearchAction\",\"target\":{\"@type\":\"EntryPoint\",\"urlTemplate\":\"https:\\\/\\\/www.bbk.eus\\\/?s={search_term_string}\"},\"query-input\":{\"@type\":\"PropertyValueSpecification\",\"valueRequired\":true,\"valueName\":\"search_term_string\"}}],\"inLanguage\":\"es\"},{\"@type\":\"Organization\",\"@id\":\"https:\\\/\\\/www.bbk.eus\\\/#organization\",\"name\":\"BBK Fundazioa\",\"url\":\"https:\\\/\\\/www.bbk.eus\\\/\",\"logo\":{\"@type\":\"ImageObject\",\"inLanguage\":\"es\",\"@id\":\"https:\\\/\\\/www.bbk.eus\\\/#\\\/schema\\\/logo\\\/image\\\/\",\"url\":\"https:\\\/\\\/www.bbk.eus\\\/wp-content\\\/uploads\\\/2023\\\/10\\\/LOGOTIPO-BBK_VERSION-PRINCIPAL_COLOR.jpg\",\"contentUrl\":\"https:\\\/\\\/www.bbk.eus\\\/wp-content\\\/uploads\\\/2023\\\/10\\\/LOGOTIPO-BBK_VERSION-PRINCIPAL_COLOR.jpg\",\"width\":1845,\"height\":784,\"caption\":\"BBK Fundazioa\"},\"image\":{\"@id\":\"https:\\\/\\\/www.bbk.eus\\\/#\\\/schema\\\/logo\\\/image\\\/\"},\"sameAs\":[\"https:\\\/\\\/www.facebook.com\\\/BBKeus?fref=ts\",\"https:\\\/\\\/x.com\\\/BBK_eus\",\"https:\\\/\\\/www.instagram.com\\\/bbk_eus\\\/?hl=es\",\"https:\\\/\\\/www.youtube.com\\\/user\\\/BBKwebTV\",\"https:\\\/\\\/www.linkedin.com\\\/company\\\/fundacion-bbk\\\/\"]},{\"@type\":\"Person\",\"@id\":\"https:\\\/\\\/www.bbk.eus\\\/#\\\/schema\\\/person\\\/e889bdbee1c8353c7f7a51eb9e41333c\",\"name\":\"Covadonga Guerricagoitia\",\"image\":{\"@type\":\"ImageObject\",\"inLanguage\":\"es\",\"@id\":\"https:\\\/\\\/secure.gravatar.com\\\/avatar\\\/cb1249da286d77aeca4d1ad30e9346b533d7352e104ca1c00d4d65de08e31d0c?s=96&d=mm&r=x\",\"url\":\"https:\\\/\\\/secure.gravatar.com\\\/avatar\\\/cb1249da286d77aeca4d1ad30e9346b533d7352e104ca1c00d4d65de08e31d0c?s=96&d=mm&r=x\",\"contentUrl\":\"https:\\\/\\\/secure.gravatar.com\\\/avatar\\\/cb1249da286d77aeca4d1ad30e9346b533d7352e104ca1c00d4d65de08e31d0c?s=96&d=mm&r=x\",\"caption\":\"Covadonga Guerricagoitia\"}}]}<\/script>\n<!-- \/ Yoast SEO plugin. -->","yoast_head_json":{"title":"Abrimos el plazo de inscripci\u00f3n para la nueva programaci\u00f3n de Sasoiko del curso 2026-2027 - Actualidad - BBK","robots":{"index":"index","follow":"follow","max-snippet":"max-snippet:-1","max-image-preview":"max-image-preview:large","max-video-preview":"max-video-preview:-1"},"canonical":"https:\/\/www.bbk.eus\/es\/abrimos-el-plazo-de-inscripcin-para-la-nueva-programacin-de-sasoiko-del-curso-2026-2027\/","og_locale":"es_ES","og_type":"article","og_title":"Abrimos el plazo de inscripci\u00f3n para la nueva programaci\u00f3n de Sasoiko del curso 2026-2027 - Actualidad - BBK","og_url":"https:\/\/www.bbk.eus\/es\/abrimos-el-plazo-de-inscripcin-para-la-nueva-programacin-de-sasoiko-del-curso-2026-2027\/","og_site_name":"BBK","article_publisher":"https:\/\/www.facebook.com\/BBKeus?fref=ts","article_published_time":"2026-09-02T10:29:44+00:00","article_modified_time":"2026-09-02T10:45:34+00:00","og_image":[{"width":665,"height":551,"url":"https:\/\/www.bbk.eus\/wp-content\/uploads\/2026\/09\/INTERGENERATIONALITY-AND-NEW-LONGEVITY-AT-BBK-The-BBK-Foundation-works-for-the-well-being-of-older-adults-supporting-a-vision-of-aging-that-focuses-on-improving-peoples-active-longevity-ensurin-copia.png","type":"image\/png"}],"author":"Covadonga Guerricagoitia","twitter_card":"summary_large_image","twitter_creator":"@BBK_eus","twitter_site":"@BBK_eus","twitter_misc":{"Escrito por":"Covadonga Guerricagoitia","Tiempo de lectura":"3 minutos"},"schema":{"@context":"https:\/\/schema.org","@graph":[{"@type":"Article","@id":"https:\/\/www.bbk.eus\/es\/abrimos-el-plazo-de-inscripcin-para-la-nueva-programacin-de-sasoiko-del-curso-2026-2027\/#article","isPartOf":{"@id":"https:\/\/www.bbk.eus\/es\/abrimos-el-plazo-de-inscripcin-para-la-nueva-programacin-de-sasoiko-del-curso-2026-2027\/"},"author":{"name":"Covadonga Guerricagoitia","@id":"https:\/\/www.bbk.eus\/#\/schema\/person\/e889bdbee1c8353c7f7a51eb9e41333c"},"headline":"Abrimos el plazo de inscripci\u00f3n para la nueva programaci\u00f3n de Sasoiko del curso 2026-2027","datePublished":"2026-09-02T10:29:44+00:00","dateModified":"2026-09-02T10:45:34+00:00","mainEntityOfPage":{"@id":"https:\/\/www.bbk.eus\/es\/abrimos-el-plazo-de-inscripcin-para-la-nueva-programacin-de-sasoiko-del-curso-2026-2027\/"},"wordCount":2106,"publisher":{"@id":"https:\/\/www.bbk.eus\/#organization"},"image":{"@id":"https:\/\/www.bbk.eus\/es\/abrimos-el-plazo-de-inscripcin-para-la-nueva-programacin-de-sasoiko-del-curso-2026-2027\/#primaryimage"},"thumbnailUrl":"https:\/\/www.bbk.eus\/wp-content\/uploads\/2026\/09\/INTERGENERATIONALITY-AND-NEW-LONGEVITY-AT-BBK-The-BBK-Foundation-works-for-the-well-being-of-older-adults-supporting-a-vision-of-aging-that-focuses-on-improving-peoples-active-longevity-ensurin-copia.png","articleSection":["Personas"],"inLanguage":"es"},{"@type":"WebPage","@id":"https:\/\/www.bbk.eus\/es\/abrimos-el-plazo-de-inscripcin-para-la-nueva-programacin-de-sasoiko-del-curso-2026-2027\/","url":"https:\/\/www.bbk.eus\/es\/abrimos-el-plazo-de-inscripcin-para-la-nueva-programacin-de-sasoiko-del-curso-2026-2027\/","name":"Abrimos el plazo de inscripci\u00f3n para la nueva programaci\u00f3n de Sasoiko del curso 2026-2027 - Actualidad - BBK","isPartOf":{"@id":"https:\/\/www.bbk.eus\/#website"},"primaryImageOfPage":{"@id":"https:\/\/www.bbk.eus\/es\/abrimos-el-plazo-de-inscripcin-para-la-nueva-programacin-de-sasoiko-del-curso-2026-2027\/#primaryimage"},"image":{"@id":"https:\/\/www.bbk.eus\/es\/abrimos-el-plazo-de-inscripcin-para-la-nueva-programacin-de-sasoiko-del-curso-2026-2027\/#primaryimage"},"thumbnailUrl":"https:\/\/www.bbk.eus\/wp-content\/uploads\/2026\/09\/INTERGENERATIONALITY-AND-NEW-LONGEVITY-AT-BBK-The-BBK-Foundation-works-for-the-well-being-of-older-adults-supporting-a-vision-of-aging-that-focuses-on-improving-peoples-active-longevity-ensurin-copia.png","datePublished":"2026-09-02T10:29:44+00:00","dateModified":"2026-09-02T10:45:34+00:00","breadcrumb":{"@id":"https:\/\/www.bbk.eus\/es\/abrimos-el-plazo-de-inscripcin-para-la-nueva-programacin-de-sasoiko-del-curso-2026-2027\/#breadcrumb"},"inLanguage":"es","potentialAction":[{"@type":"ReadAction","target":["https:\/\/www.bbk.eus\/es\/abrimos-el-plazo-de-inscripcin-para-la-nueva-programacin-de-sasoiko-del-curso-2026-2027\/"]}]},{"@type":"ImageObject","inLanguage":"es","@id":"https:\/\/www.bbk.eus\/es\/abrimos-el-plazo-de-inscripcin-para-la-nueva-programacin-de-sasoiko-del-curso-2026-2027\/#primaryimage","url":"https:\/\/www.bbk.eus\/wp-content\/uploads\/2026\/09\/INTERGENERATIONALITY-AND-NEW-LONGEVITY-AT-BBK-The-BBK-Foundation-works-for-the-well-being-of-older-adults-supporting-a-vision-of-aging-that-focuses-on-improving-peoples-active-longevity-ensurin-copia.png","contentUrl":"https:\/\/www.bbk.eus\/wp-content\/uploads\/2026\/09\/INTERGENERATIONALITY-AND-NEW-LONGEVITY-AT-BBK-The-BBK-Foundation-works-for-the-well-being-of-older-adults-supporting-a-vision-of-aging-that-focuses-on-improving-peoples-active-longevity-ensurin-copia.png","width":665,"height":551,"caption":"INTERGENERATIONALITY"},{"@type":"BreadcrumbList","@id":"https:\/\/www.bbk.eus\/es\/abrimos-el-plazo-de-inscripcin-para-la-nueva-programacin-de-sasoiko-del-curso-2026-2027\/#breadcrumb","itemListElement":[{"@type":"ListItem","position":1,"name":"Home","item":"https:\/\/www.bbk.eus\/es\/"},{"@type":"ListItem","position":2,"name":"Abrimos el plazo de inscripci\u00f3n para la nueva programaci\u00f3n de Sasoiko del curso 2026-2027"}]},{"@type":"WebSite","@id":"https:\/\/www.bbk.eus\/#website","url":"https:\/\/www.bbk.eus\/","name":"BBK","description":"Actividades, proyectos sociales, \u00c1reas de actuaci\u00f3n, ideas para el futuro y presente de Bizkaia.","publisher":{"@id":"https:\/\/www.bbk.eus\/#organization"},"potentialAction":[{"@type":"SearchAction","target":{"@type":"EntryPoint","urlTemplate":"https:\/\/www.bbk.eus\/?s={search_term_string}"},"query-input":{"@type":"PropertyValueSpecification","valueRequired":true,"valueName":"search_term_string"}}],"inLanguage":"es"},{"@type":"Organization","@id":"https:\/\/www.bbk.eus\/#organization","name":"BBK Fundazioa","url":"https:\/\/www.bbk.eus\/","logo":{"@type":"ImageObject","inLanguage":"es","@id":"https:\/\/www.bbk.eus\/#\/schema\/logo\/image\/","url":"https:\/\/www.bbk.eus\/wp-content\/uploads\/2023\/10\/LOGOTIPO-BBK_VERSION-PRINCIPAL_COLOR.jpg","contentUrl":"https:\/\/www.bbk.eus\/wp-content\/uploads\/2023\/10\/LOGOTIPO-BBK_VERSION-PRINCIPAL_COLOR.jpg","width":1845,"height":784,"caption":"BBK Fundazioa"},"image":{"@id":"https:\/\/www.bbk.eus\/#\/schema\/logo\/image\/"},"sameAs":["https:\/\/www.facebook.com\/BBKeus?fref=ts","https:\/\/x.com\/BBK_eus","https:\/\/www.instagram.com\/bbk_eus\/?hl=es","https:\/\/www.youtube.com\/user\/BBKwebTV","https:\/\/www.linkedin.com\/company\/fundacion-bbk\/"]},{"@type":"Person","@id":"https:\/\/www.bbk.eus\/#\/schema\/person\/e889bdbee1c8353c7f7a51eb9e41333c","name":"Covadonga Guerricagoitia","image":{"@type":"ImageObject","inLanguage":"es","@id":"https:\/\/secure.gravatar.com\/avatar\/cb1249da286d77aeca4d1ad30e9346b533d7352e104ca1c00d4d65de08e31d0c?s=96&d=mm&r=x","url":"https:\/\/secure.gravatar.com\/avatar\/cb1249da286d77aeca4d1ad30e9346b533d7352e104ca1c00d4d65de08e31d0c?s=96&d=mm&r=x","contentUrl":"https:\/\/secure.gravatar.com\/avatar\/cb1249da286d77aeca4d1ad30e9346b533d7352e104ca1c00d4d65de08e31d0c?s=96&d=mm&r=x","caption":"Covadonga Guerricagoitia"}}]}},"translations":{"en":62014,"eu":62007},"_links":{"self":[{"href":"https:\/\/www.bbk.eus\/es\/wp-json\/wp\/v2\/posts\/61997","targetHints":{"allow":["GET"]}}],"collection":[{"href":"https:\/\/www.bbk.eus\/es\/wp-json\/wp\/v2\/posts"}],"about":[{"href":"https:\/\/www.bbk.eus\/es\/wp-json\/wp\/v2\/types\/post"}],"author":[{"embeddable":true,"href":"https:\/\/www.bbk.eus\/es\/wp-json\/wp\/v2\/users\/36"}],"replies":[{"embeddable":true,"href":"https:\/\/www.bbk.eus\/es\/wp-json\/wp\/v2\/comments?post=61997"}],"version-history":[{"count":2,"href":"https:\/\/www.bbk.eus\/es\/wp-json\/wp\/v2\/posts\/61997\/revisions"}],"predecessor-version":[{"id":62012,"href":"https:\/\/www.bbk.eus\/es\/wp-json\/wp\/v2\/posts\/61997\/revisions\/62012"}],"wp:featuredmedia":[{"embeddable":true,"href":"https:\/\/www.bbk.eus\/es\/wp-json\/wp\/v2\/media\/62002"}],"wp:attachment":[{"href":"https:\/\/www.bbk.eus\/es\/wp-json\/wp\/v2\/media?parent=61997"}],"wp:term":[{"taxonomy":"category","embeddable":true,"href":"https:\/\/www.bbk.eus\/es\/wp-json\/wp\/v2\/categories?post=61997"},{"taxonomy":"post_tag","embeddable":true,"href":"https:\/\/www.bbk.eus\/es\/wp-json\/wp\/v2\/tags?post=61997"}],"curies":[{"name":"wp","href":"https:\/\/api.w.org\/{rel}","templated":true}]}}